{"id":4,"count":10,"description":"Vagas e oportunidades de emprego em FEIRA DE SANTANA e toda Regi\u00e3o. Vagas de emprego e est\u00e1gios, efetivos e tempor\u00e1rios, vagas de est\u00e1gio, trainees e profissionais.","link":"https:\/\/www.encontrafeiradesantana.com.br\/sobre\/empregos-em-feira-de-santana\/","name":"Empregos Feira de Santana","slug":"empregos-em-feira-de-santana","taxonomy":"category","parent":0,"meta":[],"_links":{"self":[{"href":"https:\/\/www.encontrafeiradesantana.com.br\/sobre\/wp-json\/wp\/v2\/categories\/4","targetHints":{"allow":["GET"]}}],"collection":[{"href":"https:\/\/www.encontrafeiradesantana.com.br\/sobre\/wp-json\/wp\/v2\/categories"}],"about":[{"href":"https:\/\/www.encontrafeiradesantana.com.br\/sobre\/wp-json\/wp\/v2\/taxonomies\/category"}],"wp:post_type":[{"href":"https:\/\/www.encontrafeiradesantana.com.br\/sobre\/wp-json\/wp\/v2\/posts?categories=4"}],"curies":[{"name":"wp","href":"https:\/\/api.w.org\/{rel}","templated":true}]}}